{"id":3409,"date":"2025-10-09T11:36:23","date_gmt":"2025-10-09T14:36:23","guid":{"rendered":"https:\/\/www.apaelondrina.com.br\/?p=3409"},"modified":"2025-10-09T11:36:23","modified_gmt":"2025-10-09T14:36:23","slug":"edital-de-convocacao-de-assembleia-geral-ordinaria-para-eleicao-da-diretoria-executiva-conselho-de-administracao-e-conselho-fiscal-da-apae-de-londrina","status":"publish","type":"post","link":"https:\/\/www.apaelondrina.com.br\/?p=3409","title":{"rendered":"Edital de convoca\u00e7\u00e3o de Assembleia Geral Ordin\u00e1ria para elei\u00e7\u00e3o da diretoria executiva, conselho de administra\u00e7\u00e3o e conselho fiscal da APAE de Londrina"},"content":{"rendered":"\n<p>A Associa\u00e7\u00e3o de Pais e Amigos dos Excepcionais de Londrina, com sede em Londrina, na Avenida Robert Koch, n\u00ba 11, Vila Oper\u00e1ria, por meio de sua Diretoria Executiva, representada por seu Presidente, Sr. Edson Zanin, <strong>CONVOCA <\/strong>todos os associados contribuintes para a Assembleia Geral Ordin\u00e1ria, que ser\u00e1 realizada na sede da Apae, no dia <strong>12 DE NOVEMBRO DE 2025, \u00e0s 08:00 horas<\/strong>, para tratar da seguinte ordem do dia:<\/p>\n\n\n\n<p><strong>I &#8211; Apresenta\u00e7\u00e3o e aprova\u00e7\u00e3o do relat\u00f3rio de atividades do exerc\u00edcio 2024\/2025;<br>II &#8211; Apresenta\u00e7\u00e3o e aprova\u00e7\u00e3o das contas dos exerc\u00edcios 2024 a 2025, com parecer do Conselho Fiscal;<br>III &#8211; Elei\u00e7\u00e3o da nova Diretoria Executiva, do Conselho de Administra\u00e7\u00e3o e do Conselho Fiscal, nos termos do Estatuto da APAE;<br>IV \u2013 Assuntos gerais.<\/strong><\/p>\n\n\n\n<p>A inscri\u00e7\u00e3o das chapas dever\u00e1 ocorrer at\u00e9 20 (vinte) dias antes da data da Assembleia, devendo ser registrada na Secretaria da APAE e submetida \u00e0 homologa\u00e7\u00e3o da Comiss\u00e3o Eleitoral.<\/p>\n\n\n\n<p>Somente poder\u00e3o candidatar-se aos cargos os associados contribuintes h\u00e1 pelo menos 01 (um) ano nos programas da APAE e os associados contribuintes com, no m\u00ednimo, 01 (um) ano de filia\u00e7\u00e3o, al\u00e9m de not\u00f3rias qualidades morais, sociais, administrativas, experi\u00eancia diretiva.<\/p>\n\n\n\n<p>A Assembleia ser\u00e1 instalada em primeira convoca\u00e7\u00e3o <strong>\u00e0s 08:00 horas<\/strong> com a maioria absoluta dos associados e, em segunda convoca\u00e7\u00e3o, meia hora depois, com n\u00famero inferior de presentes, conforme disposto no artigo 24, \u00a72\u00ba, do Estatuto.<\/p>\n\n\n\n<p>Londrina, 06 de outubro de 2025.<\/p>\n\n\n\n<p><strong>EDSON ZANIN<\/strong><br>Presidente<\/p>\n\n\n\n<p>Associa\u00e7\u00e3o de Pais e Amigos dos Excepcionais de Londrina<\/p>\n\n\n\n<p><\/p>\n","protected":false},"excerpt":{"rendered":"<p>A Associa\u00e7\u00e3o de Pais e Amigos dos Excepcionais de Londrina, com sede em Londrina, na Avenida Robert Koch, n\u00ba 11, Vila Oper\u00e1ria, por meio de sua Diretoria Executiva, representada por seu Presidente, Sr. Edson Zanin, CONVOCA todos os associados contribuintes para a Assembleia Geral Ordin\u00e1ria, que ser\u00e1 realizada na sede da Apae, no dia 12 [&hellip;]<\/p>\n","protected":false},"author":3,"featured_media":3251,"comment_status":"closed","ping_status":"open","sticky":false,"template":"","format":"standard","meta":{"_monsterinsights_skip_tracking":false,"_monsterinsights_sitenote_active":false,"_monsterinsights_sitenote_note":"","_monsterinsights_sitenote_category":0,"footnotes":""},"categories":[1],"tags":[],"class_list":["post-3409","post","type-post","status-publish","format-standard","has-post-thumbnail","hentry","category-sem-categoria"],"aioseo_notices":[],"_links":{"self":[{"href":"https:\/\/www.apaelondrina.com.br\/index.php?rest_route=\/wp\/v2\/posts\/3409"}],"collection":[{"href":"https:\/\/www.apaelondrina.com.br\/index.php?rest_route=\/wp\/v2\/posts"}],"about":[{"href":"https:\/\/www.apaelondrina.com.br\/index.php?rest_route=\/wp\/v2\/types\/post"}],"author":[{"embeddable":true,"href":"https:\/\/www.apaelondrina.com.br\/index.php?rest_route=\/wp\/v2\/users\/3"}],"replies":[{"embeddable":true,"href":"https:\/\/www.apaelondrina.com.br\/index.php?rest_route=%2Fwp%2Fv2%2Fcomments&post=3409"}],"version-history":[{"count":1,"href":"https:\/\/www.apaelondrina.com.br\/index.php?rest_route=\/wp\/v2\/posts\/3409\/revisions"}],"predecessor-version":[{"id":3410,"href":"https:\/\/www.apaelondrina.com.br\/index.php?rest_route=\/wp\/v2\/posts\/3409\/revisions\/3410"}],"wp:featuredmedia":[{"embeddable":true,"href":"https:\/\/www.apaelondrina.com.br\/index.php?rest_route=\/wp\/v2\/media\/3251"}],"wp:attachment":[{"href":"https:\/\/www.apaelondrina.com.br\/index.php?rest_route=%2Fwp%2Fv2%2Fmedia&parent=3409"}],"wp:term":[{"taxonomy":"category","embeddable":true,"href":"https:\/\/www.apaelondrina.com.br\/index.php?rest_route=%2Fwp%2Fv2%2Fcategories&post=3409"},{"taxonomy":"post_tag","embeddable":true,"href":"https:\/\/www.apaelondrina.com.br\/index.php?rest_route=%2Fwp%2Fv2%2Ftags&post=3409"}],"curies":[{"name":"wp","href":"https:\/\/api.w.org\/{rel}","templated":true}]}}