{"id":3356,"date":"2025-01-31T09:38:00","date_gmt":"2025-01-31T12:38:00","guid":{"rendered":"https:\/\/www.apaelondrina.com.br\/?p=3356"},"modified":"2025-02-04T10:09:25","modified_gmt":"2025-02-04T13:09:25","slug":"resultado-das-propostas-para-aquisicao-e-instalacao-de-equipamentos-de-climatizacao-de-ar","status":"publish","type":"post","link":"https:\/\/www.apaelondrina.com.br\/?p=3356","title":{"rendered":"Resultado das Propostas para Aquisi\u00e7\u00e3o e Instala\u00e7\u00e3o de Equipamentos de Climatiza\u00e7\u00e3o de Ar"},"content":{"rendered":"\n<p>Em aten\u00e7\u00e3o \u00e0 abertura de prazo para recebimento de propostas para <strong>Aquisi\u00e7\u00e3o e Instala\u00e7\u00e3o de Equipamentos de Climatiza\u00e7\u00e3o de Ar da Associa\u00e7\u00e3o de Pais e Amigos dos Excepcionais de Londrina (APAE)<\/strong>, publicada no JOM n\u00ba 5362, de 06\/12\/2024, <strong>vinculada ao TERMO DE FOMENTO N\u00ba 25013\/2024 FMDCA\/SMAS\/SME<\/strong>, foram recebidas propostas dos seguintes fornecedores:<\/p>\n\n\n\n<p>Dentro do prazo estabelecido no aviso publica\u00e7\u00e3o no JOM n\u00ba5362, de 06\/12\/2024, foi recepcionada somente <em>1 (uma) proposta<\/em>, do fornecedor <strong>FP RODRIGUES EIRELI<\/strong>, inscrita CNPJ n\u00ba 24.565.907\/0001-66, no valor de R$191.520,00.<\/p>\n\n\n\n<p>Ap\u00f3s esgotadas todas as possibilidades de envio de propostas, inclusive a lixeira\/spam\/lixo eletr\u00f4nico do e-mail informado no edital e em atendimento \u00e0 Orienta\u00e7\u00e3o de Presta\u00e7\u00e3o de Contas n\u00ba470\/2023, item IV, b) <em>\u201cCaso a OSC n\u00e3o receba propostas dentro do prazo previsto publicado no jornal Oficial de Londrina, poder\u00e1 realizar solicita\u00e7\u00f5es formais de or\u00e7amentos junto \u00e0s empresas fornecedoras de produtos e\/ou servi\u00e7os\u201d<\/em>, foi realizada solicita\u00e7\u00e3o formal de or\u00e7amentos.<\/p>\n\n\n\n<p>Foram recebidas as propostas das seguintes empresas\/fornecedores:<\/p>\n\n\n\n<p><strong>Fornecedor 1<\/strong> \u2013 <strong>FP RODRIGUES EIRELI<\/strong>, inscrita CNPJ n\u00ba 24.565.907\/0001-66, proposta no valor de R$ 191.520,00;<\/p>\n\n\n\n<p><strong>Fornecedor 2<\/strong> \u2013 <strong>PAULO GOMES REIS LTDA<\/strong>, inscrita CNPJ n\u00ba 39.689.176\/0001-38, proposta no valor de R$ 226.020,00;<\/p>\n\n\n\n<p><strong>Fornecedor 3<\/strong> \u2013 <strong>AD\u00c3O JORGE TEREBEYCZIK<\/strong>, inscrita no CNPJ n\u00ba 40.892.445\/0001-48, proposta no valor de R$ 228.156,00.<\/p>\n\n\n\n<p>Ap\u00f3s an\u00e1lise das propostas acima descritas, os presentes selecionaram a proposta da empresa <strong>FP RODRIGUES EIRELI<\/strong>, no valor de <strong>R$ 191.520,00 (cento noventa e um mil, quinhentos e vinte reais)<\/strong>, por atender o crit\u00e9rio de menor pre\u00e7o obtido na forma global (equipamento\/material e m\u00e3o de obra), prazos e condi\u00e7\u00f5es de entrega de materiais\/servi\u00e7os atendendo \u00e0s necessidades da institui\u00e7\u00e3o.<\/p>\n\n\n\n<p>Foi declarada, conforme registro em ata da diretoria da institui\u00e7\u00e3o, a empresa vencedora, pelo crit\u00e9rio de menor pre\u00e7o: <strong>Fornecedor FP RODRIGUES EIRELI<\/strong>, inscrita CNPJ n\u00ba 24.565.907\/0001-66, proposta no valor de R$ 191.520,00.<\/p>\n\n\n\n<p>Considerando tal resultado, os participantes poder\u00e3o <strong>interpor recurso, no prazo de 2 (dois) dias \u00fateis<\/strong>, a partir da publica\u00e7\u00e3o deste, pelo e-mail <strong><a>adm.londrina@apaepr.org.br<\/a><\/strong>, com c\u00f3pia para o e-mail <strong><a>gestaofinanceira@edu.londrina.pr.gov.br<\/a><\/strong>.<\/p>\n\n\n\n<p>Ap\u00f3s este prazo, n\u00e3o ser\u00e1 recebido mais nenhum questionamento do processo em quest\u00e3o, o qual seguir\u00e1 para contrata\u00e7\u00e3o.<\/p>\n","protected":false},"excerpt":{"rendered":"<p>Em aten\u00e7\u00e3o \u00e0 abertura de prazo para recebimento de propostas para Aquisi\u00e7\u00e3o e Instala\u00e7\u00e3o de Equipamentos de Climatiza\u00e7\u00e3o de Ar da Associa\u00e7\u00e3o de Pais e Amigos dos Excepcionais de Londrina (APAE), publicada no JOM n\u00ba 5362, de 06\/12\/2024, vinculada ao TERMO DE FOMENTO N\u00ba 25013\/2024 FMDCA\/SMAS\/SME, foram recebidas propostas dos seguintes fornecedores: Dentro do prazo [&hellip;]<\/p>\n","protected":false},"author":3,"featured_media":3357,"comment_status":"closed","ping_status":"open","sticky":false,"template":"","format":"standard","meta":{"_monsterinsights_skip_tracking":false,"_monsterinsights_sitenote_active":false,"_monsterinsights_sitenote_note":"","_monsterinsights_sitenote_category":0,"footnotes":""},"categories":[1],"tags":[],"class_list":["post-3356","post","type-post","status-publish","format-standard","has-post-thumbnail","hentry","category-sem-categoria"],"aioseo_notices":[],"_links":{"self":[{"href":"https:\/\/www.apaelondrina.com.br\/index.php?rest_route=\/wp\/v2\/posts\/3356"}],"collection":[{"href":"https:\/\/www.apaelondrina.com.br\/index.php?rest_route=\/wp\/v2\/posts"}],"about":[{"href":"https:\/\/www.apaelondrina.com.br\/index.php?rest_route=\/wp\/v2\/types\/post"}],"author":[{"embeddable":true,"href":"https:\/\/www.apaelondrina.com.br\/index.php?rest_route=\/wp\/v2\/users\/3"}],"replies":[{"embeddable":true,"href":"https:\/\/www.apaelondrina.com.br\/index.php?rest_route=%2Fwp%2Fv2%2Fcomments&post=3356"}],"version-history":[{"count":6,"href":"https:\/\/www.apaelondrina.com.br\/index.php?rest_route=\/wp\/v2\/posts\/3356\/revisions"}],"predecessor-version":[{"id":3365,"href":"https:\/\/www.apaelondrina.com.br\/index.php?rest_route=\/wp\/v2\/posts\/3356\/revisions\/3365"}],"wp:featuredmedia":[{"embeddable":true,"href":"https:\/\/www.apaelondrina.com.br\/index.php?rest_route=\/wp\/v2\/media\/3357"}],"wp:attachment":[{"href":"https:\/\/www.apaelondrina.com.br\/index.php?rest_route=%2Fwp%2Fv2%2Fmedia&parent=3356"}],"wp:term":[{"taxonomy":"category","embeddable":true,"href":"https:\/\/www.apaelondrina.com.br\/index.php?rest_route=%2Fwp%2Fv2%2Fcategories&post=3356"},{"taxonomy":"post_tag","embeddable":true,"href":"https:\/\/www.apaelondrina.com.br\/index.php?rest_route=%2Fwp%2Fv2%2Ftags&post=3356"}],"curies":[{"name":"wp","href":"https:\/\/api.w.org\/{rel}","templated":true}]}}