{"id":3254,"date":"2024-06-28T16:16:36","date_gmt":"2024-06-28T19:16:36","guid":{"rendered":"https:\/\/www.apaelondrina.com.br\/?p=3254"},"modified":"2024-07-02T14:20:43","modified_gmt":"2024-07-02T17:20:43","slug":"edital-de-convocacao-para-realizacao-de-assembleia-geral-ordinaria-3","status":"publish","type":"post","link":"https:\/\/www.apaelondrina.com.br\/?p=3254","title":{"rendered":"Edital de convoca\u00e7\u00e3o para realiza\u00e7\u00e3o de Assembleia Geral Extraordin\u00e1ria"},"content":{"rendered":"<p><strong>EDITAL DE CONVOCA\u00c7\u00c3O DE ASSEMBLEIA GERAL EXTRAORDIN\u00c1RIA<\/strong><\/p>\n<p>A Associa\u00e7\u00e3o de Pais e Amigos dos Excepcionais de Londrina, neste ato representada por seu Presidente, Sr. Edson Zanin, no uso das atribui\u00e7\u00f5es que lhe s\u00e3o conferidas pelo artigo 35, II, do Estatuto, para fins do artigo 25, I, CONVOCA todos os associados, atrav\u00e9s do presente Edital, para ASSEMBL\u00c9IA GERAL EXTRAORDIN\u00c1RIA, que ser\u00e1 realizada na sede da APAE, no dia 29 de julho de 2024, \u00e0s 8:00 horas em primeira convoca\u00e7\u00e3o e \u00e0s 8:30 horas, em segunda convoca\u00e7\u00e3o, com a seguinte ordem do dia: 1. Homologar as altera\u00e7\u00f5es estatut\u00e1rias deliberadas pelo Conselho de Administra\u00e7\u00e3o da Federa\u00e7\u00e3o Nacional das APAES em 25 de abril de 2024. A Assembleia Geral instalar-se-\u00e1, em primeira convoca\u00e7\u00e3o \u00e0s 8:00 horas, com a presen\u00e7a da maioria dos associados, e, em segunda convoca\u00e7\u00e3o, com qualquer n\u00famero, meia hora depois, para a finalidade de homologar as altera\u00e7\u00f5es do estatuto.<\/p>\n<p>Londrina, 26 de junho de 2024.<\/p>\n<p><strong>EDSON ZANIN<\/strong><\/p>\n<p>Presidente<br \/>\nAssocia\u00e7\u00e3o de Pais e Amigos dos Excepcionais de Londrina<\/p>\n","protected":false},"excerpt":{"rendered":"<p>EDITAL DE CONVOCA\u00c7\u00c3O DE ASSEMBLEIA GERAL EXTRAORDIN\u00c1RIA A Associa\u00e7\u00e3o de Pais e Amigos dos Excepcionais de Londrina, neste ato representada por seu Presidente, Sr. Edson Zanin, no uso das atribui\u00e7\u00f5es que lhe s\u00e3o conferidas pelo artigo 35, II, do Estatuto, para fins do artigo 25, I, CONVOCA todos os associados, atrav\u00e9s do presente Edital, para [&hellip;]<\/p>\n","protected":false},"author":3,"featured_media":3031,"comment_status":"closed","ping_status":"open","sticky":false,"template":"","format":"standard","meta":{"_monsterinsights_skip_tracking":false,"_monsterinsights_sitenote_active":false,"_monsterinsights_sitenote_note":"","_monsterinsights_sitenote_category":0,"footnotes":""},"categories":[1],"tags":[],"class_list":["post-3254","post","type-post","status-publish","format-standard","has-post-thumbnail","hentry","category-sem-categoria"],"aioseo_notices":[],"_links":{"self":[{"href":"https:\/\/www.apaelondrina.com.br\/index.php?rest_route=\/wp\/v2\/posts\/3254"}],"collection":[{"href":"https:\/\/www.apaelondrina.com.br\/index.php?rest_route=\/wp\/v2\/posts"}],"about":[{"href":"https:\/\/www.apaelondrina.com.br\/index.php?rest_route=\/wp\/v2\/types\/post"}],"author":[{"embeddable":true,"href":"https:\/\/www.apaelondrina.com.br\/index.php?rest_route=\/wp\/v2\/users\/3"}],"replies":[{"embeddable":true,"href":"https:\/\/www.apaelondrina.com.br\/index.php?rest_route=%2Fwp%2Fv2%2Fcomments&post=3254"}],"version-history":[{"count":2,"href":"https:\/\/www.apaelondrina.com.br\/index.php?rest_route=\/wp\/v2\/posts\/3254\/revisions"}],"predecessor-version":[{"id":3256,"href":"https:\/\/www.apaelondrina.com.br\/index.php?rest_route=\/wp\/v2\/posts\/3254\/revisions\/3256"}],"wp:featuredmedia":[{"embeddable":true,"href":"https:\/\/www.apaelondrina.com.br\/index.php?rest_route=\/wp\/v2\/media\/3031"}],"wp:attachment":[{"href":"https:\/\/www.apaelondrina.com.br\/index.php?rest_route=%2Fwp%2Fv2%2Fmedia&parent=3254"}],"wp:term":[{"taxonomy":"category","embeddable":true,"href":"https:\/\/www.apaelondrina.com.br\/index.php?rest_route=%2Fwp%2Fv2%2Fcategories&post=3254"},{"taxonomy":"post_tag","embeddable":true,"href":"https:\/\/www.apaelondrina.com.br\/index.php?rest_route=%2Fwp%2Fv2%2Ftags&post=3254"}],"curies":[{"name":"wp","href":"https:\/\/api.w.org\/{rel}","templated":true}]}}