{"id":3250,"date":"2024-04-26T12:03:20","date_gmt":"2024-04-26T15:03:20","guid":{"rendered":"https:\/\/www.apaelondrina.com.br\/?p=3250"},"modified":"2024-05-16T12:18:19","modified_gmt":"2024-05-16T15:18:19","slug":"edital-de-convocacao-para-realizacao-de-assembleia-geral-ordinaria-2","status":"publish","type":"post","link":"https:\/\/www.apaelondrina.com.br\/?p=3250","title":{"rendered":"Edital de convoca\u00e7\u00e3o para realiza\u00e7\u00e3o de Assembleia Geral Ordin\u00e1ria"},"content":{"rendered":"<p><strong>EDITAL DE CONVOCA\u00c7\u00c3O DE ASSEMBLEIA GERAL ORDIN\u00c1RIA<\/strong><\/p>\n<p>A Associa\u00e7\u00e3o de Pais e Amigos dos Excepcionais de Londrina, com sede em Londrina, na Avenida Robert Koch, n\u00b0 11, Vila Oper\u00e1ria, atrav\u00e9s de sua Diretoria Executiva, devidamente representada por seu Presidente Sr. Edson Zanin, CONVOCA atrav\u00e9s do presente edital, todos os associados especiais e contribuintes da Apae, para Assembleia Geral Ordin\u00e1ria, que ser\u00e1 realizada na sede da Apae, <strong>\u00e0s 8:00 horas<\/strong>, do dia <strong>27 de MAIO DE 2024<\/strong>, com a seguinte ordem do dia:<\/p>\n<ul>\n<li><strong>Aprecia\u00e7\u00e3o e aprova\u00e7\u00e3o do relat\u00f3rio de atividades encerrado em 31 de dezembro de 2023.<\/strong><\/li>\n<li><strong>Aprecia\u00e7\u00e3o e aprova\u00e7\u00e3o das contas com base nos demonstrativos cont\u00e1beis encerrados em 31 de dezembro de 2023.<\/strong><\/li>\n<li><strong>Outros (se houver)<\/strong><\/li>\n<\/ul>\n<p>A Assembleia Geral instalar-se-\u00e1 em <strong>primeira convoca\u00e7\u00e3o \u00e0s 8:00 horas<\/strong>, com a presen\u00e7a da maioria dos associados e, em segunda convoca\u00e7\u00e3o, com qualquer n\u00famero, meia hora depois, n\u00e3o exigindo a lei qu\u00f3rum especial (art.24, \u00a72\u00b0, Estatuto padr\u00e3o das Apaes).<\/p>\n<p>Londrina, 24 de abril de 2024.<\/p>\n<p><strong>EDSON ZANIN<\/strong><\/p>\n<p>Presidente<br \/>\nAssocia\u00e7\u00e3o de Pais e Amigos dos Excepcionais de Londrina<\/p>\n","protected":false},"excerpt":{"rendered":"<p>EDITAL DE CONVOCA\u00c7\u00c3O DE ASSEMBLEIA GERAL ORDIN\u00c1RIA A Associa\u00e7\u00e3o de Pais e Amigos dos Excepcionais de Londrina, com sede em Londrina, na Avenida Robert Koch, n\u00b0 11, Vila Oper\u00e1ria, atrav\u00e9s de sua Diretoria Executiva, devidamente representada por seu Presidente Sr. Edson Zanin, CONVOCA atrav\u00e9s do presente edital, todos os associados especiais e contribuintes da Apae, [&hellip;]<\/p>\n","protected":false},"author":3,"featured_media":3251,"comment_status":"closed","ping_status":"open","sticky":false,"template":"","format":"standard","meta":{"_monsterinsights_skip_tracking":false,"_monsterinsights_sitenote_active":false,"_monsterinsights_sitenote_note":"","_monsterinsights_sitenote_category":0,"footnotes":""},"categories":[1],"tags":[],"class_list":["post-3250","post","type-post","status-publish","format-standard","has-post-thumbnail","hentry","category-sem-categoria"],"aioseo_notices":[],"_links":{"self":[{"href":"https:\/\/www.apaelondrina.com.br\/index.php?rest_route=\/wp\/v2\/posts\/3250"}],"collection":[{"href":"https:\/\/www.apaelondrina.com.br\/index.php?rest_route=\/wp\/v2\/posts"}],"about":[{"href":"https:\/\/www.apaelondrina.com.br\/index.php?rest_route=\/wp\/v2\/types\/post"}],"author":[{"embeddable":true,"href":"https:\/\/www.apaelondrina.com.br\/index.php?rest_route=\/wp\/v2\/users\/3"}],"replies":[{"embeddable":true,"href":"https:\/\/www.apaelondrina.com.br\/index.php?rest_route=%2Fwp%2Fv2%2Fcomments&post=3250"}],"version-history":[{"count":1,"href":"https:\/\/www.apaelondrina.com.br\/index.php?rest_route=\/wp\/v2\/posts\/3250\/revisions"}],"predecessor-version":[{"id":3252,"href":"https:\/\/www.apaelondrina.com.br\/index.php?rest_route=\/wp\/v2\/posts\/3250\/revisions\/3252"}],"wp:featuredmedia":[{"embeddable":true,"href":"https:\/\/www.apaelondrina.com.br\/index.php?rest_route=\/wp\/v2\/media\/3251"}],"wp:attachment":[{"href":"https:\/\/www.apaelondrina.com.br\/index.php?rest_route=%2Fwp%2Fv2%2Fmedia&parent=3250"}],"wp:term":[{"taxonomy":"category","embeddable":true,"href":"https:\/\/www.apaelondrina.com.br\/index.php?rest_route=%2Fwp%2Fv2%2Fcategories&post=3250"},{"taxonomy":"post_tag","embeddable":true,"href":"https:\/\/www.apaelondrina.com.br\/index.php?rest_route=%2Fwp%2Fv2%2Ftags&post=3250"}],"curies":[{"name":"wp","href":"https:\/\/api.w.org\/{rel}","templated":true}]}}