{"id":3180,"date":"2023-12-20T05:11:51","date_gmt":"2023-12-20T08:11:51","guid":{"rendered":"https:\/\/www.apaelondrina.com.br\/?p=3180"},"modified":"2023-12-20T05:11:51","modified_gmt":"2023-12-20T08:11:51","slug":"a-apae-londrina-deseja-a-todos-um-feliz-natal-e-boas-festas","status":"publish","type":"post","link":"https:\/\/www.apaelondrina.com.br\/?p=3180","title":{"rendered":"A APAE Londrina deseja a todos um Feliz Natal e Boas Festas"},"content":{"rendered":"<p style=\"text-align: justify;\">Nesta \u00e9poca especial do ano, gostar\u00edamos de estender nossa gratid\u00e3o a voc\u00ea, nossos colaboradores, parceiros e apoiadores dedicados. O esp\u00edrito natalino nos inspira a refletir sobre o que \u00e9 realmente importante: o amor, a compaix\u00e3o e a solidariedade. Que esta temporada de festas seja repleta de alegria, harmonia e prosperidade para voc\u00ea e seus entes queridos. Que o Ano Novo que se aproxima traga novas oportunidades e realiza\u00e7\u00f5es.<\/p>\n<p>A APAE Londrina deseja a todos um Feliz Natal e Boas Festas!<\/p>\n","protected":false},"excerpt":{"rendered":"<p>Nesta \u00e9poca especial do ano, gostar\u00edamos de estender nossa gratid\u00e3o a voc\u00ea, nossos colaboradores, parceiros e apoiadores dedicados. O esp\u00edrito natalino nos inspira a refletir sobre o que \u00e9 realmente importante: o amor, a compaix\u00e3o e a solidariedade. Que esta temporada de festas seja repleta de alegria, harmonia e prosperidade para voc\u00ea e seus entes [&hellip;]<\/p>\n","protected":false},"author":3,"featured_media":3181,"comment_status":"closed","ping_status":"open","sticky":false,"template":"","format":"standard","meta":{"_monsterinsights_skip_tracking":false,"_monsterinsights_sitenote_active":false,"_monsterinsights_sitenote_note":"","_monsterinsights_sitenote_category":0,"footnotes":""},"categories":[1],"tags":[],"class_list":["post-3180","post","type-post","status-publish","format-standard","has-post-thumbnail","hentry","category-sem-categoria"],"aioseo_notices":[],"_links":{"self":[{"href":"https:\/\/www.apaelondrina.com.br\/index.php?rest_route=\/wp\/v2\/posts\/3180"}],"collection":[{"href":"https:\/\/www.apaelondrina.com.br\/index.php?rest_route=\/wp\/v2\/posts"}],"about":[{"href":"https:\/\/www.apaelondrina.com.br\/index.php?rest_route=\/wp\/v2\/types\/post"}],"author":[{"embeddable":true,"href":"https:\/\/www.apaelondrina.com.br\/index.php?rest_route=\/wp\/v2\/users\/3"}],"replies":[{"embeddable":true,"href":"https:\/\/www.apaelondrina.com.br\/index.php?rest_route=%2Fwp%2Fv2%2Fcomments&post=3180"}],"version-history":[{"count":1,"href":"https:\/\/www.apaelondrina.com.br\/index.php?rest_route=\/wp\/v2\/posts\/3180\/revisions"}],"predecessor-version":[{"id":3182,"href":"https:\/\/www.apaelondrina.com.br\/index.php?rest_route=\/wp\/v2\/posts\/3180\/revisions\/3182"}],"wp:featuredmedia":[{"embeddable":true,"href":"https:\/\/www.apaelondrina.com.br\/index.php?rest_route=\/wp\/v2\/media\/3181"}],"wp:attachment":[{"href":"https:\/\/www.apaelondrina.com.br\/index.php?rest_route=%2Fwp%2Fv2%2Fmedia&parent=3180"}],"wp:term":[{"taxonomy":"category","embeddable":true,"href":"https:\/\/www.apaelondrina.com.br\/index.php?rest_route=%2Fwp%2Fv2%2Fcategories&post=3180"},{"taxonomy":"post_tag","embeddable":true,"href":"https:\/\/www.apaelondrina.com.br\/index.php?rest_route=%2Fwp%2Fv2%2Ftags&post=3180"}],"curies":[{"name":"wp","href":"https:\/\/api.w.org\/{rel}","templated":true}]}}