{"id":2813,"date":"2019-08-28T17:03:27","date_gmt":"2019-08-28T20:03:27","guid":{"rendered":"https:\/\/www.apaelondrina.com.br\/?p=2813"},"modified":"2019-09-05T17:08:17","modified_gmt":"2019-09-05T20:08:17","slug":"aniversario-da-apae-londrina","status":"publish","type":"post","link":"https:\/\/www.apaelondrina.com.br\/?p=2813","title":{"rendered":"Anivers\u00e1rio da APAE Londrina"},"content":{"rendered":"<p>E n\u00e3o passou em branco! Em comemora\u00e7\u00e3o aos 55 anos da Institui\u00e7\u00e3o APAE de Londrina, nossos alunos tiveram uma pequena comemora\u00e7\u00e3o muito especial . Se pud\u00e9ssemos, convidar\u00edamos todos voc\u00eas para vivenciar cada momento ao lado das nossas preciosidades!<\/p>\n","protected":false},"excerpt":{"rendered":"<p>E n\u00e3o passou em branco! Em comemora\u00e7\u00e3o aos 55 anos da Institui\u00e7\u00e3o APAE de Londrina, nossos alunos tiveram uma pequena comemora\u00e7\u00e3o muito especial . Se pud\u00e9ssemos, convidar\u00edamos todos voc\u00eas para vivenciar cada momento ao lado das nossas preciosidades!<\/p>\n","protected":false},"author":3,"featured_media":2823,"comment_status":"closed","ping_status":"open","sticky":false,"template":"","format":"gallery","meta":{"_monsterinsights_skip_tracking":false,"_monsterinsights_sitenote_active":false,"_monsterinsights_sitenote_note":"","_monsterinsights_sitenote_category":0,"footnotes":""},"categories":[1],"tags":[],"class_list":["post-2813","post","type-post","status-publish","format-gallery","has-post-thumbnail","hentry","category-sem-categoria","post_format-post-format-gallery"],"aioseo_notices":[],"_links":{"self":[{"href":"https:\/\/www.apaelondrina.com.br\/index.php?rest_route=\/wp\/v2\/posts\/2813"}],"collection":[{"href":"https:\/\/www.apaelondrina.com.br\/index.php?rest_route=\/wp\/v2\/posts"}],"about":[{"href":"https:\/\/www.apaelondrina.com.br\/index.php?rest_route=\/wp\/v2\/types\/post"}],"author":[{"embeddable":true,"href":"https:\/\/www.apaelondrina.com.br\/index.php?rest_route=\/wp\/v2\/users\/3"}],"replies":[{"embeddable":true,"href":"https:\/\/www.apaelondrina.com.br\/index.php?rest_route=%2Fwp%2Fv2%2Fcomments&post=2813"}],"version-history":[{"count":1,"href":"https:\/\/www.apaelondrina.com.br\/index.php?rest_route=\/wp\/v2\/posts\/2813\/revisions"}],"predecessor-version":[{"id":2826,"href":"https:\/\/www.apaelondrina.com.br\/index.php?rest_route=\/wp\/v2\/posts\/2813\/revisions\/2826"}],"wp:featuredmedia":[{"embeddable":true,"href":"https:\/\/www.apaelondrina.com.br\/index.php?rest_route=\/wp\/v2\/media\/2823"}],"wp:attachment":[{"href":"https:\/\/www.apaelondrina.com.br\/index.php?rest_route=%2Fwp%2Fv2%2Fmedia&parent=2813"}],"wp:term":[{"taxonomy":"category","embeddable":true,"href":"https:\/\/www.apaelondrina.com.br\/index.php?rest_route=%2Fwp%2Fv2%2Fcategories&post=2813"},{"taxonomy":"post_tag","embeddable":true,"href":"https:\/\/www.apaelondrina.com.br\/index.php?rest_route=%2Fwp%2Fv2%2Ftags&post=2813"}],"curies":[{"name":"wp","href":"https:\/\/api.w.org\/{rel}","templated":true}]}}