{"id":2811,"date":"2019-08-27T17:02:37","date_gmt":"2019-08-27T20:02:37","guid":{"rendered":"https:\/\/www.apaelondrina.com.br\/?p=2811"},"modified":"2019-09-05T17:07:29","modified_gmt":"2019-09-05T20:07:29","slug":"apresentacao-de-danca-e-musica-na-escola-pilares","status":"publish","type":"post","link":"https:\/\/www.apaelondrina.com.br\/?p=2811","title":{"rendered":"Apresenta\u00e7\u00e3o de Dan\u00e7a e M\u00fasica na Escola Pilares"},"content":{"rendered":"<p>Hoje os alunos realizaram uma Apresenta\u00e7\u00e3o de Dan\u00e7a e M\u00fasica na Escola Pilares. Mais um momento de integra\u00e7\u00e3o e socializa\u00e7\u00e3o nas atividades da Semana da Pessoa com Defici\u00eancia Intelectual e M\u00faltiplas.<\/p>\n","protected":false},"excerpt":{"rendered":"<p>Hoje os alunos realizaram uma Apresenta\u00e7\u00e3o de Dan\u00e7a e M\u00fasica na Escola Pilares. Mais um momento de integra\u00e7\u00e3o e socializa\u00e7\u00e3o nas atividades da Semana da Pessoa com Defici\u00eancia Intelectual e M\u00faltiplas.<\/p>\n","protected":false},"author":3,"featured_media":2814,"comment_status":"closed","ping_status":"open","sticky":false,"template":"","format":"gallery","meta":{"_monsterinsights_skip_tracking":false,"_monsterinsights_sitenote_active":false,"_monsterinsights_sitenote_note":"","_monsterinsights_sitenote_category":0,"footnotes":""},"categories":[1],"tags":[],"class_list":["post-2811","post","type-post","status-publish","format-gallery","has-post-thumbnail","hentry","category-sem-categoria","post_format-post-format-gallery"],"aioseo_notices":[],"_links":{"self":[{"href":"https:\/\/www.apaelondrina.com.br\/index.php?rest_route=\/wp\/v2\/posts\/2811"}],"collection":[{"href":"https:\/\/www.apaelondrina.com.br\/index.php?rest_route=\/wp\/v2\/posts"}],"about":[{"href":"https:\/\/www.apaelondrina.com.br\/index.php?rest_route=\/wp\/v2\/types\/post"}],"author":[{"embeddable":true,"href":"https:\/\/www.apaelondrina.com.br\/index.php?rest_route=\/wp\/v2\/users\/3"}],"replies":[{"embeddable":true,"href":"https:\/\/www.apaelondrina.com.br\/index.php?rest_route=%2Fwp%2Fv2%2Fcomments&post=2811"}],"version-history":[{"count":1,"href":"https:\/\/www.apaelondrina.com.br\/index.php?rest_route=\/wp\/v2\/posts\/2811\/revisions"}],"predecessor-version":[{"id":2824,"href":"https:\/\/www.apaelondrina.com.br\/index.php?rest_route=\/wp\/v2\/posts\/2811\/revisions\/2824"}],"wp:featuredmedia":[{"embeddable":true,"href":"https:\/\/www.apaelondrina.com.br\/index.php?rest_route=\/wp\/v2\/media\/2814"}],"wp:attachment":[{"href":"https:\/\/www.apaelondrina.com.br\/index.php?rest_route=%2Fwp%2Fv2%2Fmedia&parent=2811"}],"wp:term":[{"taxonomy":"category","embeddable":true,"href":"https:\/\/www.apaelondrina.com.br\/index.php?rest_route=%2Fwp%2Fv2%2Fcategories&post=2811"},{"taxonomy":"post_tag","embeddable":true,"href":"https:\/\/www.apaelondrina.com.br\/index.php?rest_route=%2Fwp%2Fv2%2Ftags&post=2811"}],"curies":[{"name":"wp","href":"https:\/\/api.w.org\/{rel}","templated":true}]}}