{"id":2792,"date":"2019-08-23T16:52:27","date_gmt":"2019-08-23T19:52:27","guid":{"rendered":"https:\/\/www.apaelondrina.com.br\/?p=2792"},"modified":"2019-09-05T16:55:49","modified_gmt":"2019-09-05T19:55:49","slug":"apresentacao-de-danca-e-musica-na-escola-fase","status":"publish","type":"post","link":"https:\/\/www.apaelondrina.com.br\/?p=2792","title":{"rendered":"Apresenta\u00e7\u00e3o de dan\u00e7a e m\u00fasica na Escola Fase"},"content":{"rendered":"<p>Ontem tivemos um momento de intera\u00e7\u00e3o e socializa\u00e7\u00e3o dos nossos alunos na escola Fase. Os alunos fizeram uma bela apresenta\u00e7\u00e3o de dan\u00e7a e m\u00fasica!<\/p>\n","protected":false},"excerpt":{"rendered":"<p>Ontem tivemos um momento de intera\u00e7\u00e3o e socializa\u00e7\u00e3o dos nossos alunos na escola Fase. Os alunos fizeram uma bela apresenta\u00e7\u00e3o de dan\u00e7a e m\u00fasica!<\/p>\n","protected":false},"author":3,"featured_media":2795,"comment_status":"closed","ping_status":"open","sticky":false,"template":"","format":"gallery","meta":{"_monsterinsights_skip_tracking":false,"_monsterinsights_sitenote_active":false,"_monsterinsights_sitenote_note":"","_monsterinsights_sitenote_category":0,"footnotes":""},"categories":[1],"tags":[],"class_list":["post-2792","post","type-post","status-publish","format-gallery","has-post-thumbnail","hentry","category-sem-categoria","post_format-post-format-gallery"],"aioseo_notices":[],"_links":{"self":[{"href":"https:\/\/www.apaelondrina.com.br\/index.php?rest_route=\/wp\/v2\/posts\/2792"}],"collection":[{"href":"https:\/\/www.apaelondrina.com.br\/index.php?rest_route=\/wp\/v2\/posts"}],"about":[{"href":"https:\/\/www.apaelondrina.com.br\/index.php?rest_route=\/wp\/v2\/types\/post"}],"author":[{"embeddable":true,"href":"https:\/\/www.apaelondrina.com.br\/index.php?rest_route=\/wp\/v2\/users\/3"}],"replies":[{"embeddable":true,"href":"https:\/\/www.apaelondrina.com.br\/index.php?rest_route=%2Fwp%2Fv2%2Fcomments&post=2792"}],"version-history":[{"count":1,"href":"https:\/\/www.apaelondrina.com.br\/index.php?rest_route=\/wp\/v2\/posts\/2792\/revisions"}],"predecessor-version":[{"id":2799,"href":"https:\/\/www.apaelondrina.com.br\/index.php?rest_route=\/wp\/v2\/posts\/2792\/revisions\/2799"}],"wp:featuredmedia":[{"embeddable":true,"href":"https:\/\/www.apaelondrina.com.br\/index.php?rest_route=\/wp\/v2\/media\/2795"}],"wp:attachment":[{"href":"https:\/\/www.apaelondrina.com.br\/index.php?rest_route=%2Fwp%2Fv2%2Fmedia&parent=2792"}],"wp:term":[{"taxonomy":"category","embeddable":true,"href":"https:\/\/www.apaelondrina.com.br\/index.php?rest_route=%2Fwp%2Fv2%2Fcategories&post=2792"},{"taxonomy":"post_tag","embeddable":true,"href":"https:\/\/www.apaelondrina.com.br\/index.php?rest_route=%2Fwp%2Fv2%2Ftags&post=2792"}],"curies":[{"name":"wp","href":"https:\/\/api.w.org\/{rel}","templated":true}]}}