{"id":2786,"date":"2019-08-22T16:48:59","date_gmt":"2019-08-22T19:48:59","guid":{"rendered":"https:\/\/www.apaelondrina.com.br\/?p=2786"},"modified":"2019-09-05T16:58:31","modified_gmt":"2019-09-05T19:58:31","slug":"semana-nacional-da-pessoa-com-deficiencia-intelectual-e-multipla-2019","status":"publish","type":"post","link":"https:\/\/www.apaelondrina.com.br\/?p=2786","title":{"rendered":"Palestra de in\u00edcio das atividades"},"content":{"rendered":"<p>Confira como foi nossa palestra de in\u00edcio das atividades em comemora\u00e7\u00e3o da Semana da Pessoa com Defici\u00eancia Intelectual e M\u00faltipla. A participa\u00e7\u00e3o de todos foi muito importante!<\/p>\n","protected":false},"excerpt":{"rendered":"<p>Confira como foi nossa palestra de in\u00edcio das atividades em comemora\u00e7\u00e3o da Semana da Pessoa com Defici\u00eancia Intelectual e M\u00faltipla. A participa\u00e7\u00e3o de todos foi muito importante!<\/p>\n","protected":false},"author":3,"featured_media":2790,"comment_status":"closed","ping_status":"open","sticky":false,"template":"","format":"gallery","meta":{"_monsterinsights_skip_tracking":false,"_monsterinsights_sitenote_active":false,"_monsterinsights_sitenote_note":"","_monsterinsights_sitenote_category":0,"footnotes":""},"categories":[1],"tags":[],"class_list":["post-2786","post","type-post","status-publish","format-gallery","has-post-thumbnail","hentry","category-sem-categoria","post_format-post-format-gallery"],"aioseo_notices":[],"_links":{"self":[{"href":"https:\/\/www.apaelondrina.com.br\/index.php?rest_route=\/wp\/v2\/posts\/2786"}],"collection":[{"href":"https:\/\/www.apaelondrina.com.br\/index.php?rest_route=\/wp\/v2\/posts"}],"about":[{"href":"https:\/\/www.apaelondrina.com.br\/index.php?rest_route=\/wp\/v2\/types\/post"}],"author":[{"embeddable":true,"href":"https:\/\/www.apaelondrina.com.br\/index.php?rest_route=\/wp\/v2\/users\/3"}],"replies":[{"embeddable":true,"href":"https:\/\/www.apaelondrina.com.br\/index.php?rest_route=%2Fwp%2Fv2%2Fcomments&post=2786"}],"version-history":[{"count":3,"href":"https:\/\/www.apaelondrina.com.br\/index.php?rest_route=\/wp\/v2\/posts\/2786\/revisions"}],"predecessor-version":[{"id":2802,"href":"https:\/\/www.apaelondrina.com.br\/index.php?rest_route=\/wp\/v2\/posts\/2786\/revisions\/2802"}],"wp:featuredmedia":[{"embeddable":true,"href":"https:\/\/www.apaelondrina.com.br\/index.php?rest_route=\/wp\/v2\/media\/2790"}],"wp:attachment":[{"href":"https:\/\/www.apaelondrina.com.br\/index.php?rest_route=%2Fwp%2Fv2%2Fmedia&parent=2786"}],"wp:term":[{"taxonomy":"category","embeddable":true,"href":"https:\/\/www.apaelondrina.com.br\/index.php?rest_route=%2Fwp%2Fv2%2Fcategories&post=2786"},{"taxonomy":"post_tag","embeddable":true,"href":"https:\/\/www.apaelondrina.com.br\/index.php?rest_route=%2Fwp%2Fv2%2Ftags&post=2786"}],"curies":[{"name":"wp","href":"https:\/\/api.w.org\/{rel}","templated":true}]}}