{"id":2404,"date":"2019-03-20T15:20:09","date_gmt":"2019-03-20T18:20:09","guid":{"rendered":"https:\/\/www.apaelondrina.com.br\/?p=2404"},"modified":"2019-03-20T16:52:10","modified_gmt":"2019-03-20T19:52:10","slug":"fotos-do-show-de-andre-luz-na-apae-londrina","status":"publish","type":"post","link":"https:\/\/www.apaelondrina.com.br\/?p=2404","title":{"rendered":"Fotos do show de Andr\u00e9 Luz na APAE Londrina"},"content":{"rendered":"<p>Na ultima ter\u00e7a feira (19) recebemos a presen\u00e7a do cantor gospel Andr\u00e9 Luz, que esteve acompanhado da Daniele Fabres Martins, para cantar e alegrar nossos alunos da APAE de Londrina! Andr\u00e9 mora na Fran\u00e7a e quando v\u00eam ao Brasil sempre visita nossa escola. Agradecemos em nome de nossos alunos pelos momentos de alegria!<\/p>\n","protected":false},"excerpt":{"rendered":"<p>Na ultima ter\u00e7a feira (19) recebemos a presen\u00e7a do cantor gospel Andr\u00e9 Luz, que esteve acompanhado da Daniele Fabres Martins, para cantar e alegrar nossos alunos da APAE de Londrina! Andr\u00e9 mora na Fran\u00e7a e quando v\u00eam ao Brasil sempre visita nossa escola. Agradecemos em nome de nossos alunos pelos momentos de alegria!<\/p>\n","protected":false},"author":3,"featured_media":2499,"comment_status":"closed","ping_status":"open","sticky":false,"template":"","format":"gallery","meta":{"_monsterinsights_skip_tracking":false,"_monsterinsights_sitenote_active":false,"_monsterinsights_sitenote_note":"","_monsterinsights_sitenote_category":0,"footnotes":""},"categories":[1],"tags":[],"class_list":["post-2404","post","type-post","status-publish","format-gallery","has-post-thumbnail","hentry","category-sem-categoria","post_format-post-format-gallery"],"aioseo_notices":[],"_links":{"self":[{"href":"https:\/\/www.apaelondrina.com.br\/index.php?rest_route=\/wp\/v2\/posts\/2404"}],"collection":[{"href":"https:\/\/www.apaelondrina.com.br\/index.php?rest_route=\/wp\/v2\/posts"}],"about":[{"href":"https:\/\/www.apaelondrina.com.br\/index.php?rest_route=\/wp\/v2\/types\/post"}],"author":[{"embeddable":true,"href":"https:\/\/www.apaelondrina.com.br\/index.php?rest_route=\/wp\/v2\/users\/3"}],"replies":[{"embeddable":true,"href":"https:\/\/www.apaelondrina.com.br\/index.php?rest_route=%2Fwp%2Fv2%2Fcomments&post=2404"}],"version-history":[{"count":6,"href":"https:\/\/www.apaelondrina.com.br\/index.php?rest_route=\/wp\/v2\/posts\/2404\/revisions"}],"predecessor-version":[{"id":2527,"href":"https:\/\/www.apaelondrina.com.br\/index.php?rest_route=\/wp\/v2\/posts\/2404\/revisions\/2527"}],"wp:featuredmedia":[{"embeddable":true,"href":"https:\/\/www.apaelondrina.com.br\/index.php?rest_route=\/wp\/v2\/media\/2499"}],"wp:attachment":[{"href":"https:\/\/www.apaelondrina.com.br\/index.php?rest_route=%2Fwp%2Fv2%2Fmedia&parent=2404"}],"wp:term":[{"taxonomy":"category","embeddable":true,"href":"https:\/\/www.apaelondrina.com.br\/index.php?rest_route=%2Fwp%2Fv2%2Fcategories&post=2404"},{"taxonomy":"post_tag","embeddable":true,"href":"https:\/\/www.apaelondrina.com.br\/index.php?rest_route=%2Fwp%2Fv2%2Ftags&post=2404"}],"curies":[{"name":"wp","href":"https:\/\/api.w.org\/{rel}","templated":true}]}}